{"id":198,"date":"2022-05-12T13:55:44","date_gmt":"2022-05-12T11:55:44","guid":{"rendered":"https:\/\/experviseur.fr\/actualites\/?p=198"},"modified":"2023-06-07T17:01:33","modified_gmt":"2023-06-07T15:01:33","slug":"competences-des-collaborateurs-comment-les-ameliorer","status":"publish","type":"post","link":"https:\/\/experviseur.fr\/actualites\/competences-des-collaborateurs-comment-les-ameliorer","title":{"rendered":"Comp\u00e9tences des collaborateurs\u00a0: comment les am\u00e9liorer\u00a0?"},"content":{"rendered":"\n<p>Les salari\u00e9s sont ceux qui font <strong>vivre <\/strong>et <strong>r\u00e9ussir <\/strong>une entreprise. Les comp\u00e9tences des collaborateurs peuvent \u00eatre nombreuses et celles qu\u2019ils ram\u00e8nent sont tout aussi capitales que celles qu\u2019ils peuvent d\u00e9velopper quand ils sont \u00e0 leur poste. Les raisons pour monter ses salari\u00e9s en comp\u00e9tences sont nombreuses&nbsp;:<\/p>\n\n\n\n<ul class=\"wp-block-list\">\n<li><strong>Am\u00e9liorer leurs capacit\u00e9s<\/strong>&nbsp;: le rendement de l\u2019entreprise s\u2019en retrouvera augment\u00e9<\/li>\n\n\n\n<li><strong>Fid\u00e9liser les salari\u00e9s<\/strong>&nbsp;: savoir retenir ses \u00e9quipes est capital dans un march\u00e9 toujours plus concurrentiel. Si l\u2019entreprise pousse ses employ\u00e9s vers le haut, ils se sentiront valoris\u00e9s et donc plus motiv\u00e9s \u00e0 lui \u00eatre fid\u00e8le.<\/li>\n\n\n\n<li><strong>Offrir une meilleure capacit\u00e9 d\u2019adaptation<\/strong>&nbsp;: entre les facteurs externes (aspects sociaux, la conjoncture actuelle, les normes des industries\u2026) et internes (la gouvernance, les r\u00e8gles internes, les ressources humaines\u2026) il faut pour l\u2019employ\u00e9 savoir \u00eatre agile entre les changements quotidiens. Les formations continues ou professionnelles peuvent l\u2019aider dans cette optique-l\u00e0.<\/li>\n<\/ul>\n\n\n\n<figure class=\"wp-block-image size-full\"><img loading=\"lazy\" decoding=\"async\" width=\"1920\" height=\"1280\" src=\"https:\/\/experviseur.fr\/actualites\/wp-content\/uploads\/2022\/05\/team-5842784_1920.jpg\" alt=\"competences-des-collaborateurs-comment-les-ameliorer-groupe-de-personnes-qui-discute-ensemble-debouts\" class=\"wp-image-200\" srcset=\"https:\/\/experviseur.fr\/actualites\/wp-content\/uploads\/2022\/05\/team-5842784_1920.jpg 1920w, https:\/\/experviseur.fr\/actualites\/wp-content\/uploads\/2022\/05\/team-5842784_1920-768x512.jpg 768w, https:\/\/experviseur.fr\/actualites\/wp-content\/uploads\/2022\/05\/team-5842784_1920-1536x1024.jpg 1536w\" sizes=\"auto, (max-width: 1920px) 100vw, 1920px\" \/><\/figure>\n\n\n\n<h2 class=\"wp-block-heading\">Faire monter les comp\u00e9tences des collaborateurs<\/h2>\n\n\n\n<p>Identifier leurs besoins individuellement n\u2019est que la <strong>premi\u00e8re \u00e9tape<\/strong>. Les managers doivent intervenir ici au travers d\u2019\u00e9changes quotidiens avec leurs \u00e9quipes. Ils doivent jauger ce qu\u2019un poste requiert et les comp\u00e9tences qui pourraient manquer \u00e0 tel ou tel employ\u00e9 pour un poste donn\u00e9. C\u2019est l\u00e0 qu\u2019ils \u00e9valuent leurs <strong>comp\u00e9tences <\/strong>et con\u00e7oivent les parcours de d\u00e9veloppement faits sur-mesure.<\/p>\n\n\n\n<p>En tout, plus de <a href=\"https:\/\/travail-emploi.gouv.fr\/formation-professionnelle\/\" target=\"_blank\" rel=\"noreferrer noopener\">10.000 formations professionnelles<\/a> sont propos\u00e9es en France, dans le public ou le priv\u00e9. Elles pr\u00e9sentent une grande diversit\u00e9&nbsp;: qu\u2019elles soient faites \u00e0 distance, en pr\u00e9sentiel, individuelles ou group\u00e9es\u2026 il faut \u00eatre judicieux sur leur choix.<\/p>\n\n\n\n<p>Chaque collaborateur doit suivre une formation adapt\u00e9e selon son <strong>profil propre<\/strong>&nbsp;: chacun a ses objectifs, sa m\u00e9thodologie de travail, sa disponibilit\u00e9\u2026<\/p>\n\n\n\n<figure class=\"wp-block-image size-full\"><img loading=\"lazy\" decoding=\"async\" width=\"1920\" height=\"1280\" src=\"https:\/\/experviseur.fr\/actualites\/wp-content\/uploads\/2022\/05\/women-5802098_1920.jpg\" alt=\"competences-des-collaborateurs-comment-les-ameliorer-groupe-de-personnes-qui-parle-a-table\" class=\"wp-image-204\" srcset=\"https:\/\/experviseur.fr\/actualites\/wp-content\/uploads\/2022\/05\/women-5802098_1920.jpg 1920w, https:\/\/experviseur.fr\/actualites\/wp-content\/uploads\/2022\/05\/women-5802098_1920-768x512.jpg 768w, https:\/\/experviseur.fr\/actualites\/wp-content\/uploads\/2022\/05\/women-5802098_1920-1536x1024.jpg 1536w\" sizes=\"auto, (max-width: 1920px) 100vw, 1920px\" \/><\/figure>\n\n\n\n<h2 class=\"wp-block-heading\">Quels outils pour suivre la progression de ses collaborateurs&nbsp;?<\/h2>\n\n\n\n<p>Gr\u00e2ce a des outils de <strong>d\u00e9veloppement <\/strong>des comp\u00e9tences, on peut garder une trace des \u00e9changes. Cela permettra un meilleur retour sur les formations et de voir les avanc\u00e9es constat\u00e9es.<\/p>\n\n\n\n<p>On peut citer quelques avantages \u00e0 ces outils de gestion. Notamment une <strong>adaptation<\/strong> des profils aux m\u00e9tiers demand\u00e9s. Ceci permet de pallier l\u2019obsolescence des comp\u00e9tences des collaborateurs et d\u2019augmenter ainsi la productivit\u00e9 de chaque collaborateur. L\u2019impact sur la comp\u00e9titivit\u00e9 de l\u2019entreprise est important. Premi\u00e8rement, les formations permettent de rendre le travail des employ\u00e9s <strong>optimal<\/strong>. Deuxi\u00e8mement, cela pr\u00e9pare le terrain pour les futurs employ\u00e9s.<\/p>\n\n\n\n<p>De son c\u00f4t\u00e9, <a href=\"https:\/\/e-daf.io\/\" target=\"_blank\" rel=\"noreferrer noopener\">EDAF<\/a> a pour but de former n\u2019importe qui sur le conseil en gestion d\u2019entreprise par le biais de sa franchise Experviseur. N\u2019importe quelle personne aujourd\u2019hui salari\u00e9 et qui souhaite se lancer dans l\u2019entrepreneuriat peut faire appel \u00e0 EDAF. De plus, avec <strong>EDAF Academy<\/strong>, la startup strasbourgeoise va pouvoir former beaucoup de gens aux m\u00e9tiers li\u00e9s \u00e0 l\u2019entrepreneuriat. &nbsp;<\/p>\n","protected":false},"excerpt":{"rendered":"<p>Les salari\u00e9s sont ceux qui font vivre et r\u00e9ussir une entreprise. Les comp\u00e9tences des collaborateurs peuvent \u00eatre nombreuses et celles qu\u2019ils ram\u00e8nent sont tout aussi&#8230;<\/p>\n","protected":false},"author":1,"featured_media":204,"comment_status":"open","ping_status":"open","sticky":false,"template":"","format":"standard","meta":{"inline_featured_image":false,"footnotes":""},"categories":[9,7],"tags":[],"class_list":["post-198","post","type-post","status-publish","format-standard","has-post-thumbnail","hentry","category-franchise","category-gestion"],"yoast_head":"<!-- This site is optimized with the Yoast SEO plugin v27.3 - https:\/\/yoast.com\/product\/yoast-seo-wordpress\/ -->\n<title>Comp\u00e9tences des collaborateurs\u00a0: comment les am\u00e9liorer\u00a0?<\/title>\n<meta name=\"description\" content=\"Les salari\u00e9s font r\u00e9ussir une entreprise. Les comp\u00e9tences des collaborateurs doivent rester au centre de l&#039;attention des managers.\" \/>\n<meta name=\"robots\" content=\"index, follow, max-snippet:-1, max-image-preview:large, max-video-preview:-1\" \/>\n<link rel=\"canonical\" href=\"https:\/\/experviseur.fr\/actualites\/competences-des-collaborateurs-comment-les-ameliorer\" \/>\n<meta property=\"og:locale\" content=\"fr_FR\" \/>\n<meta property=\"og:type\" content=\"article\" \/>\n<meta property=\"og:title\" content=\"Comp\u00e9tences des collaborateurs\u00a0: comment les am\u00e9liorer\u00a0?\" \/>\n<meta property=\"og:description\" content=\"Les salari\u00e9s font r\u00e9ussir une entreprise. Les comp\u00e9tences des collaborateurs doivent rester au centre de l&#039;attention des managers.\" \/>\n<meta property=\"og:url\" content=\"https:\/\/experviseur.fr\/actualites\/competences-des-collaborateurs-comment-les-ameliorer\" \/>\n<meta property=\"og:site_name\" content=\"Actualit\u00e9s - Restez \u00e0 Jour avec Les Experviseurs\" \/>\n<meta property=\"article:published_time\" content=\"2022-05-12T11:55:44+00:00\" \/>\n<meta property=\"article:modified_time\" content=\"2023-06-07T15:01:33+00:00\" \/>\n<meta property=\"og:image\" content=\"https:\/\/experviseur.fr\/actualites\/wp-content\/uploads\/2022\/05\/women-5802098_1920.jpg\" \/>\n\t<meta property=\"og:image:width\" content=\"1920\" \/>\n\t<meta property=\"og:image:height\" content=\"1280\" \/>\n\t<meta property=\"og:image:type\" content=\"image\/jpeg\" \/>\n<meta name=\"author\" content=\"P\u00f4le Com&#039;\" \/>\n<meta name=\"twitter:card\" content=\"summary_large_image\" \/>\n<meta name=\"twitter:label1\" content=\"\u00c9crit par\" \/>\n\t<meta name=\"twitter:data1\" content=\"P\u00f4le Com&#039;\" \/>\n\t<meta name=\"twitter:label2\" content=\"Dur\u00e9e de lecture estim\u00e9e\" \/>\n\t<meta name=\"twitter:data2\" content=\"3 minutes\" \/>\n<script type=\"application\/ld+json\" class=\"yoast-schema-graph\">{\"@context\":\"https:\\\/\\\/schema.org\",\"@graph\":[{\"@type\":\"Article\",\"@id\":\"https:\\\/\\\/experviseur.fr\\\/actualites\\\/competences-des-collaborateurs-comment-les-ameliorer#article\",\"isPartOf\":{\"@id\":\"https:\\\/\\\/experviseur.fr\\\/actualites\\\/competences-des-collaborateurs-comment-les-ameliorer\"},\"author\":{\"name\":\"P\u00f4le Com'\",\"@id\":\"https:\\\/\\\/experviseur.fr\\\/actualites\\\/#\\\/schema\\\/person\\\/34cd334c96f7e769c2cbff33cc727319\"},\"headline\":\"Comp\u00e9tences des collaborateurs\u00a0: comment les am\u00e9liorer\u00a0?\",\"datePublished\":\"2022-05-12T11:55:44+00:00\",\"dateModified\":\"2023-06-07T15:01:33+00:00\",\"mainEntityOfPage\":{\"@id\":\"https:\\\/\\\/experviseur.fr\\\/actualites\\\/competences-des-collaborateurs-comment-les-ameliorer\"},\"wordCount\":502,\"commentCount\":0,\"publisher\":{\"@id\":\"https:\\\/\\\/experviseur.fr\\\/actualites\\\/#organization\"},\"image\":{\"@id\":\"https:\\\/\\\/experviseur.fr\\\/actualites\\\/competences-des-collaborateurs-comment-les-ameliorer#primaryimage\"},\"thumbnailUrl\":\"https:\\\/\\\/experviseur.fr\\\/actualites\\\/wp-content\\\/uploads\\\/2022\\\/05\\\/women-5802098_1920.jpg\",\"articleSection\":[\"Franchise\",\"Gestion\"],\"inLanguage\":\"fr-FR\",\"potentialAction\":[{\"@type\":\"CommentAction\",\"name\":\"Comment\",\"target\":[\"https:\\\/\\\/experviseur.fr\\\/actualites\\\/competences-des-collaborateurs-comment-les-ameliorer#respond\"]}]},{\"@type\":\"WebPage\",\"@id\":\"https:\\\/\\\/experviseur.fr\\\/actualites\\\/competences-des-collaborateurs-comment-les-ameliorer\",\"url\":\"https:\\\/\\\/experviseur.fr\\\/actualites\\\/competences-des-collaborateurs-comment-les-ameliorer\",\"name\":\"Comp\u00e9tences des collaborateurs\u00a0: comment les am\u00e9liorer\u00a0?\",\"isPartOf\":{\"@id\":\"https:\\\/\\\/experviseur.fr\\\/actualites\\\/#website\"},\"primaryImageOfPage\":{\"@id\":\"https:\\\/\\\/experviseur.fr\\\/actualites\\\/competences-des-collaborateurs-comment-les-ameliorer#primaryimage\"},\"image\":{\"@id\":\"https:\\\/\\\/experviseur.fr\\\/actualites\\\/competences-des-collaborateurs-comment-les-ameliorer#primaryimage\"},\"thumbnailUrl\":\"https:\\\/\\\/experviseur.fr\\\/actualites\\\/wp-content\\\/uploads\\\/2022\\\/05\\\/women-5802098_1920.jpg\",\"datePublished\":\"2022-05-12T11:55:44+00:00\",\"dateModified\":\"2023-06-07T15:01:33+00:00\",\"description\":\"Les salari\u00e9s font r\u00e9ussir une entreprise. Les comp\u00e9tences des collaborateurs doivent rester au centre de l'attention des managers.\",\"breadcrumb\":{\"@id\":\"https:\\\/\\\/experviseur.fr\\\/actualites\\\/competences-des-collaborateurs-comment-les-ameliorer#breadcrumb\"},\"inLanguage\":\"fr-FR\",\"potentialAction\":[{\"@type\":\"ReadAction\",\"target\":[\"https:\\\/\\\/experviseur.fr\\\/actualites\\\/competences-des-collaborateurs-comment-les-ameliorer\"]}]},{\"@type\":\"ImageObject\",\"inLanguage\":\"fr-FR\",\"@id\":\"https:\\\/\\\/experviseur.fr\\\/actualites\\\/competences-des-collaborateurs-comment-les-ameliorer#primaryimage\",\"url\":\"https:\\\/\\\/experviseur.fr\\\/actualites\\\/wp-content\\\/uploads\\\/2022\\\/05\\\/women-5802098_1920.jpg\",\"contentUrl\":\"https:\\\/\\\/experviseur.fr\\\/actualites\\\/wp-content\\\/uploads\\\/2022\\\/05\\\/women-5802098_1920.jpg\",\"width\":1920,\"height\":1280,\"caption\":\"competences-des-collaborateurs-comment-les-ameliorer-groupe-de-personnes-qui-parle-a-table\"},{\"@type\":\"BreadcrumbList\",\"@id\":\"https:\\\/\\\/experviseur.fr\\\/actualites\\\/competences-des-collaborateurs-comment-les-ameliorer#breadcrumb\",\"itemListElement\":[{\"@type\":\"ListItem\",\"position\":1,\"name\":\"Accueil\",\"item\":\"https:\\\/\\\/experviseur.fr\\\/actualites\"},{\"@type\":\"ListItem\",\"position\":2,\"name\":\"Comp\u00e9tences des collaborateurs\u00a0: comment les am\u00e9liorer\u00a0?\"}]},{\"@type\":\"WebSite\",\"@id\":\"https:\\\/\\\/experviseur.fr\\\/actualites\\\/#website\",\"url\":\"https:\\\/\\\/experviseur.fr\\\/actualites\\\/\",\"name\":\"Actualit\u00e9s - Restez \u00e0 Jour avec Les Experviseurs\",\"description\":\"\",\"publisher\":{\"@id\":\"https:\\\/\\\/experviseur.fr\\\/actualites\\\/#organization\"},\"potentialAction\":[{\"@type\":\"SearchAction\",\"target\":{\"@type\":\"EntryPoint\",\"urlTemplate\":\"https:\\\/\\\/experviseur.fr\\\/actualites\\\/?s={search_term_string}\"},\"query-input\":{\"@type\":\"PropertyValueSpecification\",\"valueRequired\":true,\"valueName\":\"search_term_string\"}}],\"inLanguage\":\"fr-FR\"},{\"@type\":\"Organization\",\"@id\":\"https:\\\/\\\/experviseur.fr\\\/actualites\\\/#organization\",\"name\":\"EDAF\",\"url\":\"https:\\\/\\\/experviseur.fr\\\/actualites\\\/\",\"logo\":{\"@type\":\"ImageObject\",\"inLanguage\":\"fr-FR\",\"@id\":\"https:\\\/\\\/experviseur.fr\\\/actualites\\\/#\\\/schema\\\/logo\\\/image\\\/\",\"url\":\"\",\"contentUrl\":\"\",\"caption\":\"EDAF\"},\"image\":{\"@id\":\"https:\\\/\\\/experviseur.fr\\\/actualites\\\/#\\\/schema\\\/logo\\\/image\\\/\"}},{\"@type\":\"Person\",\"@id\":\"https:\\\/\\\/experviseur.fr\\\/actualites\\\/#\\\/schema\\\/person\\\/34cd334c96f7e769c2cbff33cc727319\",\"name\":\"P\u00f4le Com'\",\"image\":{\"@type\":\"ImageObject\",\"inLanguage\":\"fr-FR\",\"@id\":\"https:\\\/\\\/secure.gravatar.com\\\/avatar\\\/22e4e9c769d5c4d6957e4a19db5be255ffc8a1fc42e1aa647257f64e61e6ea1f?s=96&d=mm&r=g\",\"url\":\"https:\\\/\\\/secure.gravatar.com\\\/avatar\\\/22e4e9c769d5c4d6957e4a19db5be255ffc8a1fc42e1aa647257f64e61e6ea1f?s=96&d=mm&r=g\",\"contentUrl\":\"https:\\\/\\\/secure.gravatar.com\\\/avatar\\\/22e4e9c769d5c4d6957e4a19db5be255ffc8a1fc42e1aa647257f64e61e6ea1f?s=96&d=mm&r=g\",\"caption\":\"P\u00f4le Com'\"},\"sameAs\":[\"https:\\\/\\\/experviseur.fr\\\/actualites\"]}]}<\/script>\n<!-- \/ Yoast SEO plugin. -->","yoast_head_json":{"title":"Comp\u00e9tences des collaborateurs\u00a0: comment les am\u00e9liorer\u00a0?","description":"Les salari\u00e9s font r\u00e9ussir une entreprise. Les comp\u00e9tences des collaborateurs doivent rester au centre de l'attention des managers.","robots":{"index":"index","follow":"follow","max-snippet":"max-snippet:-1","max-image-preview":"max-image-preview:large","max-video-preview":"max-video-preview:-1"},"canonical":"https:\/\/experviseur.fr\/actualites\/competences-des-collaborateurs-comment-les-ameliorer","og_locale":"fr_FR","og_type":"article","og_title":"Comp\u00e9tences des collaborateurs\u00a0: comment les am\u00e9liorer\u00a0?","og_description":"Les salari\u00e9s font r\u00e9ussir une entreprise. Les comp\u00e9tences des collaborateurs doivent rester au centre de l'attention des managers.","og_url":"https:\/\/experviseur.fr\/actualites\/competences-des-collaborateurs-comment-les-ameliorer","og_site_name":"Actualit\u00e9s - Restez \u00e0 Jour avec Les Experviseurs","article_published_time":"2022-05-12T11:55:44+00:00","article_modified_time":"2023-06-07T15:01:33+00:00","og_image":[{"width":1920,"height":1280,"url":"https:\/\/experviseur.fr\/actualites\/wp-content\/uploads\/2022\/05\/women-5802098_1920.jpg","type":"image\/jpeg"}],"author":"P\u00f4le Com'","twitter_card":"summary_large_image","twitter_misc":{"\u00c9crit par":"P\u00f4le Com'","Dur\u00e9e de lecture estim\u00e9e":"3 minutes"},"schema":{"@context":"https:\/\/schema.org","@graph":[{"@type":"Article","@id":"https:\/\/experviseur.fr\/actualites\/competences-des-collaborateurs-comment-les-ameliorer#article","isPartOf":{"@id":"https:\/\/experviseur.fr\/actualites\/competences-des-collaborateurs-comment-les-ameliorer"},"author":{"name":"P\u00f4le Com'","@id":"https:\/\/experviseur.fr\/actualites\/#\/schema\/person\/34cd334c96f7e769c2cbff33cc727319"},"headline":"Comp\u00e9tences des collaborateurs\u00a0: comment les am\u00e9liorer\u00a0?","datePublished":"2022-05-12T11:55:44+00:00","dateModified":"2023-06-07T15:01:33+00:00","mainEntityOfPage":{"@id":"https:\/\/experviseur.fr\/actualites\/competences-des-collaborateurs-comment-les-ameliorer"},"wordCount":502,"commentCount":0,"publisher":{"@id":"https:\/\/experviseur.fr\/actualites\/#organization"},"image":{"@id":"https:\/\/experviseur.fr\/actualites\/competences-des-collaborateurs-comment-les-ameliorer#primaryimage"},"thumbnailUrl":"https:\/\/experviseur.fr\/actualites\/wp-content\/uploads\/2022\/05\/women-5802098_1920.jpg","articleSection":["Franchise","Gestion"],"inLanguage":"fr-FR","potentialAction":[{"@type":"CommentAction","name":"Comment","target":["https:\/\/experviseur.fr\/actualites\/competences-des-collaborateurs-comment-les-ameliorer#respond"]}]},{"@type":"WebPage","@id":"https:\/\/experviseur.fr\/actualites\/competences-des-collaborateurs-comment-les-ameliorer","url":"https:\/\/experviseur.fr\/actualites\/competences-des-collaborateurs-comment-les-ameliorer","name":"Comp\u00e9tences des collaborateurs\u00a0: comment les am\u00e9liorer\u00a0?","isPartOf":{"@id":"https:\/\/experviseur.fr\/actualites\/#website"},"primaryImageOfPage":{"@id":"https:\/\/experviseur.fr\/actualites\/competences-des-collaborateurs-comment-les-ameliorer#primaryimage"},"image":{"@id":"https:\/\/experviseur.fr\/actualites\/competences-des-collaborateurs-comment-les-ameliorer#primaryimage"},"thumbnailUrl":"https:\/\/experviseur.fr\/actualites\/wp-content\/uploads\/2022\/05\/women-5802098_1920.jpg","datePublished":"2022-05-12T11:55:44+00:00","dateModified":"2023-06-07T15:01:33+00:00","description":"Les salari\u00e9s font r\u00e9ussir une entreprise. Les comp\u00e9tences des collaborateurs doivent rester au centre de l'attention des managers.","breadcrumb":{"@id":"https:\/\/experviseur.fr\/actualites\/competences-des-collaborateurs-comment-les-ameliorer#breadcrumb"},"inLanguage":"fr-FR","potentialAction":[{"@type":"ReadAction","target":["https:\/\/experviseur.fr\/actualites\/competences-des-collaborateurs-comment-les-ameliorer"]}]},{"@type":"ImageObject","inLanguage":"fr-FR","@id":"https:\/\/experviseur.fr\/actualites\/competences-des-collaborateurs-comment-les-ameliorer#primaryimage","url":"https:\/\/experviseur.fr\/actualites\/wp-content\/uploads\/2022\/05\/women-5802098_1920.jpg","contentUrl":"https:\/\/experviseur.fr\/actualites\/wp-content\/uploads\/2022\/05\/women-5802098_1920.jpg","width":1920,"height":1280,"caption":"competences-des-collaborateurs-comment-les-ameliorer-groupe-de-personnes-qui-parle-a-table"},{"@type":"BreadcrumbList","@id":"https:\/\/experviseur.fr\/actualites\/competences-des-collaborateurs-comment-les-ameliorer#breadcrumb","itemListElement":[{"@type":"ListItem","position":1,"name":"Accueil","item":"https:\/\/experviseur.fr\/actualites"},{"@type":"ListItem","position":2,"name":"Comp\u00e9tences des collaborateurs\u00a0: comment les am\u00e9liorer\u00a0?"}]},{"@type":"WebSite","@id":"https:\/\/experviseur.fr\/actualites\/#website","url":"https:\/\/experviseur.fr\/actualites\/","name":"Actualit\u00e9s - Restez \u00e0 Jour avec Les Experviseurs","description":"","publisher":{"@id":"https:\/\/experviseur.fr\/actualites\/#organization"},"potentialAction":[{"@type":"SearchAction","target":{"@type":"EntryPoint","urlTemplate":"https:\/\/experviseur.fr\/actualites\/?s={search_term_string}"},"query-input":{"@type":"PropertyValueSpecification","valueRequired":true,"valueName":"search_term_string"}}],"inLanguage":"fr-FR"},{"@type":"Organization","@id":"https:\/\/experviseur.fr\/actualites\/#organization","name":"EDAF","url":"https:\/\/experviseur.fr\/actualites\/","logo":{"@type":"ImageObject","inLanguage":"fr-FR","@id":"https:\/\/experviseur.fr\/actualites\/#\/schema\/logo\/image\/","url":"","contentUrl":"","caption":"EDAF"},"image":{"@id":"https:\/\/experviseur.fr\/actualites\/#\/schema\/logo\/image\/"}},{"@type":"Person","@id":"https:\/\/experviseur.fr\/actualites\/#\/schema\/person\/34cd334c96f7e769c2cbff33cc727319","name":"P\u00f4le Com'","image":{"@type":"ImageObject","inLanguage":"fr-FR","@id":"https:\/\/secure.gravatar.com\/avatar\/22e4e9c769d5c4d6957e4a19db5be255ffc8a1fc42e1aa647257f64e61e6ea1f?s=96&d=mm&r=g","url":"https:\/\/secure.gravatar.com\/avatar\/22e4e9c769d5c4d6957e4a19db5be255ffc8a1fc42e1aa647257f64e61e6ea1f?s=96&d=mm&r=g","contentUrl":"https:\/\/secure.gravatar.com\/avatar\/22e4e9c769d5c4d6957e4a19db5be255ffc8a1fc42e1aa647257f64e61e6ea1f?s=96&d=mm&r=g","caption":"P\u00f4le Com'"},"sameAs":["https:\/\/experviseur.fr\/actualites"]}]}},"_links":{"self":[{"href":"https:\/\/experviseur.fr\/actualites\/wp-json\/wp\/v2\/posts\/198","targetHints":{"allow":["GET"]}}],"collection":[{"href":"https:\/\/experviseur.fr\/actualites\/wp-json\/wp\/v2\/posts"}],"about":[{"href":"https:\/\/experviseur.fr\/actualites\/wp-json\/wp\/v2\/types\/post"}],"author":[{"embeddable":true,"href":"https:\/\/experviseur.fr\/actualites\/wp-json\/wp\/v2\/users\/1"}],"replies":[{"embeddable":true,"href":"https:\/\/experviseur.fr\/actualites\/wp-json\/wp\/v2\/comments?post=198"}],"version-history":[{"count":5,"href":"https:\/\/experviseur.fr\/actualites\/wp-json\/wp\/v2\/posts\/198\/revisions"}],"predecessor-version":[{"id":513,"href":"https:\/\/experviseur.fr\/actualites\/wp-json\/wp\/v2\/posts\/198\/revisions\/513"}],"wp:featuredmedia":[{"embeddable":true,"href":"https:\/\/experviseur.fr\/actualites\/wp-json\/wp\/v2\/media\/204"}],"wp:attachment":[{"href":"https:\/\/experviseur.fr\/actualites\/wp-json\/wp\/v2\/media?parent=198"}],"wp:term":[{"taxonomy":"category","embeddable":true,"href":"https:\/\/experviseur.fr\/actualites\/wp-json\/wp\/v2\/categories?post=198"},{"taxonomy":"post_tag","embeddable":true,"href":"https:\/\/experviseur.fr\/actualites\/wp-json\/wp\/v2\/tags?post=198"}],"curies":[{"name":"wp","href":"https:\/\/api.w.org\/{rel}","templated":true}]}}